{"id":693,"date":"2024-10-15T16:32:08","date_gmt":"2024-10-15T14:32:08","guid":{"rendered":"http:\/\/www.yukokominami.com\/?p=693"},"modified":"2024-10-15T16:32:17","modified_gmt":"2024-10-15T14:32:17","slug":"antologicamente-in-festa-dos-anos-de-alvaro-de-campos-20th-october-2024","status":"publish","type":"post","link":"http:\/\/www.yukokominami.com\/?p=693","title":{"rendered":"ANTOLOGICAMENTE, in Festa dos Anos de Alvaro de Campos, 20th October 2024"},"content":{"rendered":"<header class=\"entry-header\">\n<h1 class=\"entry-title\">DAN\u00c7AR POESIA |\u00a0ANTOLOGICAMENTE<\/h1>\n<\/header>\n<div class=\"entry-content\">\n<p class=\"has-text-align-center has-cabin-font-family has-medium-font-size\"><strong><em>DANCE POETRY | ANTOLOGICALLY<\/em><\/strong><br \/>\n<strong>conceito, dire\u00e7\u00e3o e dan\u00e7a: Yuko Kominami | m\u00fasica: Tomas Tello<br \/>\ndan\u00e7a | Ana da Costa, Aya Kominami Tello, Jennifer Muteteli, Josiane Maet <\/strong><br \/>\n<strong>DOM\u00a020\u00a0OUT\u00a02024 16h00 | Pousada do Convento da Gra\u00e7a<\/strong><\/p>\n<p><a href=\"https:\/\/festadosanosdealvarodecampos.wordpress.com\/dancar-poesia-antologicamente\/\">https:\/\/festadosanosdealvarodecampos.wordpress.com\/dancar-poesia-antologicamente\/<\/a><\/p>\n<\/div>\n","protected":false},"excerpt":{"rendered":"<p class=\"excerpt\">DAN\u00c7AR POESIA |\u00a0ANTOLOGICAMENTE DANCE POETRY | ANTOLOGICALLY conceito, dire\u00e7\u00e3o e dan\u00e7a: Yuko Kominami | m\u00fasica: Tomas Tello dan\u00e7a | Ana da Costa, Aya Kominami Tello, Jennifer Muteteli, Josiane Maet DOM\u00a020\u00a0OUT\u00a02024 16h00 | Pousada do Convento da Gra\u00e7a https:\/\/festadosanosdealvarodecampos.wordpress.com\/dancar-poesia-antologicamente\/<\/p>\n<p class=\"more-link-p\"><a class=\"btn btn-default\" href=\"http:\/\/www.yukokominami.com\/?p=693\">Read more<\/a><\/p>\n","protected":false},"author":1,"featured_media":0,"comment_status":"closed","ping_status":"closed","sticky":false,"template":"","format":"standard","meta":{"footnotes":""},"categories":[3],"tags":[],"class_list":["post-693","post","type-post","status-publish","format-standard","hentry","category-news"],"yoast_head":"<!-- This site is optimized with the Yoast SEO plugin v27.3 - https:\/\/yoast.com\/product\/yoast-seo-wordpress\/ -->\n<title>ANTOLOGICAMENTE, in Festa dos Anos de Alvaro de Campos, 20th October 2024 - Yuko Kominami<\/title>\n<meta name=\"robots\" content=\"index, follow, max-snippet:-1, max-image-preview:large, max-video-preview:-1\" \/>\n<link rel=\"canonical\" href=\"https:\/\/www.yukokominami.com\/?p=693\" \/>\n<meta property=\"og:locale\" content=\"en_GB\" \/>\n<meta property=\"og:type\" content=\"article\" \/>\n<meta property=\"og:title\" content=\"ANTOLOGICAMENTE, in Festa dos Anos de Alvaro de Campos, 20th October 2024 - Yuko Kominami\" \/>\n<meta property=\"og:description\" content=\"DAN\u00c7AR POESIA |\u00a0ANTOLOGICAMENTE DANCE POETRY | ANTOLOGICALLY conceito, dire\u00e7\u00e3o e dan\u00e7a: Yuko Kominami | m\u00fasica: Tomas Tello dan\u00e7a | Ana da Costa, Aya Kominami Tello, Jennifer Muteteli, Josiane Maet DOM\u00a020\u00a0OUT\u00a02024 16h00 | Pousada do Convento da Gra\u00e7a https:\/\/festadosanosdealvarodecampos.wordpress.com\/dancar-poesia-antologicamente\/Read more\" \/>\n<meta property=\"og:url\" content=\"https:\/\/www.yukokominami.com\/?p=693\" \/>\n<meta property=\"og:site_name\" content=\"Yuko Kominami\" \/>\n<meta property=\"article:published_time\" content=\"2024-10-15T14:32:08+00:00\" \/>\n<meta property=\"article:modified_time\" content=\"2024-10-15T14:32:17+00:00\" \/>\n<meta name=\"author\" content=\"yukokominami\" \/>\n<meta name=\"twitter:label1\" content=\"Written by\" \/>\n\t<meta name=\"twitter:data1\" content=\"yukokominami\" \/>\n\t<meta name=\"twitter:label2\" content=\"Estimated reading time\" \/>\n\t<meta name=\"twitter:data2\" content=\"1 minute\" \/>\n<script type=\"application\/ld+json\" class=\"yoast-schema-graph\">{\"@context\":\"https:\\\/\\\/schema.org\",\"@graph\":[{\"@type\":\"Article\",\"@id\":\"https:\\\/\\\/www.yukokominami.com\\\/?p=693#article\",\"isPartOf\":{\"@id\":\"https:\\\/\\\/www.yukokominami.com\\\/?p=693\"},\"author\":{\"name\":\"yukokominami\",\"@id\":\"https:\\\/\\\/www.yukokominami.com\\\/#\\\/schema\\\/person\\\/3108038ade7fcb5327881c9feb03ecb0\"},\"headline\":\"ANTOLOGICAMENTE, in Festa dos Anos de Alvaro de Campos, 20th October 2024\",\"datePublished\":\"2024-10-15T14:32:08+00:00\",\"dateModified\":\"2024-10-15T14:32:17+00:00\",\"mainEntityOfPage\":{\"@id\":\"https:\\\/\\\/www.yukokominami.com\\\/?p=693\"},\"wordCount\":56,\"articleSection\":[\"News\"],\"inLanguage\":\"en-GB\"},{\"@type\":\"WebPage\",\"@id\":\"https:\\\/\\\/www.yukokominami.com\\\/?p=693\",\"url\":\"https:\\\/\\\/www.yukokominami.com\\\/?p=693\",\"name\":\"ANTOLOGICAMENTE, in Festa dos Anos de Alvaro de Campos, 20th October 2024 - Yuko Kominami\",\"isPartOf\":{\"@id\":\"https:\\\/\\\/www.yukokominami.com\\\/#website\"},\"datePublished\":\"2024-10-15T14:32:08+00:00\",\"dateModified\":\"2024-10-15T14:32:17+00:00\",\"author\":{\"@id\":\"https:\\\/\\\/www.yukokominami.com\\\/#\\\/schema\\\/person\\\/3108038ade7fcb5327881c9feb03ecb0\"},\"breadcrumb\":{\"@id\":\"https:\\\/\\\/www.yukokominami.com\\\/?p=693#breadcrumb\"},\"inLanguage\":\"en-GB\",\"potentialAction\":[{\"@type\":\"ReadAction\",\"target\":[\"https:\\\/\\\/www.yukokominami.com\\\/?p=693\"]}]},{\"@type\":\"BreadcrumbList\",\"@id\":\"https:\\\/\\\/www.yukokominami.com\\\/?p=693#breadcrumb\",\"itemListElement\":[{\"@type\":\"ListItem\",\"position\":1,\"name\":\"Home\",\"item\":\"https:\\\/\\\/www.yukokominami.com\\\/\"},{\"@type\":\"ListItem\",\"position\":2,\"name\":\"ANTOLOGICAMENTE, in Festa dos Anos de Alvaro de Campos, 20th October 2024\"}]},{\"@type\":\"WebSite\",\"@id\":\"https:\\\/\\\/www.yukokominami.com\\\/#website\",\"url\":\"https:\\\/\\\/www.yukokominami.com\\\/\",\"name\":\"Yuko Kominami\",\"description\":\"choreographer\\\/dancer\",\"potentialAction\":[{\"@type\":\"SearchAction\",\"target\":{\"@type\":\"EntryPoint\",\"urlTemplate\":\"https:\\\/\\\/www.yukokominami.com\\\/?s={search_term_string}\"},\"query-input\":{\"@type\":\"PropertyValueSpecification\",\"valueRequired\":true,\"valueName\":\"search_term_string\"}}],\"inLanguage\":\"en-GB\"},{\"@type\":\"Person\",\"@id\":\"https:\\\/\\\/www.yukokominami.com\\\/#\\\/schema\\\/person\\\/3108038ade7fcb5327881c9feb03ecb0\",\"name\":\"yukokominami\",\"image\":{\"@type\":\"ImageObject\",\"inLanguage\":\"en-GB\",\"@id\":\"https:\\\/\\\/secure.gravatar.com\\\/avatar\\\/461a06bec869e8a1d7142d74b9d3165ce8a136f5b391c814fecb266f17803633?s=96&d=mm&r=g\",\"url\":\"https:\\\/\\\/secure.gravatar.com\\\/avatar\\\/461a06bec869e8a1d7142d74b9d3165ce8a136f5b391c814fecb266f17803633?s=96&d=mm&r=g\",\"contentUrl\":\"https:\\\/\\\/secure.gravatar.com\\\/avatar\\\/461a06bec869e8a1d7142d74b9d3165ce8a136f5b391c814fecb266f17803633?s=96&d=mm&r=g\",\"caption\":\"yukokominami\"},\"url\":\"http:\\\/\\\/www.yukokominami.com\\\/?author=1\"}]}<\/script>\n<!-- \/ Yoast SEO plugin. -->","yoast_head_json":{"title":"ANTOLOGICAMENTE, in Festa dos Anos de Alvaro de Campos, 20th October 2024 - Yuko Kominami","robots":{"index":"index","follow":"follow","max-snippet":"max-snippet:-1","max-image-preview":"max-image-preview:large","max-video-preview":"max-video-preview:-1"},"canonical":"https:\/\/www.yukokominami.com\/?p=693","og_locale":"en_GB","og_type":"article","og_title":"ANTOLOGICAMENTE, in Festa dos Anos de Alvaro de Campos, 20th October 2024 - Yuko Kominami","og_description":"DAN\u00c7AR POESIA |\u00a0ANTOLOGICAMENTE DANCE POETRY | ANTOLOGICALLY conceito, dire\u00e7\u00e3o e dan\u00e7a: Yuko Kominami | m\u00fasica: Tomas Tello dan\u00e7a | Ana da Costa, Aya Kominami Tello, Jennifer Muteteli, Josiane Maet DOM\u00a020\u00a0OUT\u00a02024 16h00 | Pousada do Convento da Gra\u00e7a https:\/\/festadosanosdealvarodecampos.wordpress.com\/dancar-poesia-antologicamente\/Read more","og_url":"https:\/\/www.yukokominami.com\/?p=693","og_site_name":"Yuko Kominami","article_published_time":"2024-10-15T14:32:08+00:00","article_modified_time":"2024-10-15T14:32:17+00:00","author":"yukokominami","twitter_misc":{"Written by":"yukokominami","Estimated reading time":"1 minute"},"schema":{"@context":"https:\/\/schema.org","@graph":[{"@type":"Article","@id":"https:\/\/www.yukokominami.com\/?p=693#article","isPartOf":{"@id":"https:\/\/www.yukokominami.com\/?p=693"},"author":{"name":"yukokominami","@id":"https:\/\/www.yukokominami.com\/#\/schema\/person\/3108038ade7fcb5327881c9feb03ecb0"},"headline":"ANTOLOGICAMENTE, in Festa dos Anos de Alvaro de Campos, 20th October 2024","datePublished":"2024-10-15T14:32:08+00:00","dateModified":"2024-10-15T14:32:17+00:00","mainEntityOfPage":{"@id":"https:\/\/www.yukokominami.com\/?p=693"},"wordCount":56,"articleSection":["News"],"inLanguage":"en-GB"},{"@type":"WebPage","@id":"https:\/\/www.yukokominami.com\/?p=693","url":"https:\/\/www.yukokominami.com\/?p=693","name":"ANTOLOGICAMENTE, in Festa dos Anos de Alvaro de Campos, 20th October 2024 - Yuko Kominami","isPartOf":{"@id":"https:\/\/www.yukokominami.com\/#website"},"datePublished":"2024-10-15T14:32:08+00:00","dateModified":"2024-10-15T14:32:17+00:00","author":{"@id":"https:\/\/www.yukokominami.com\/#\/schema\/person\/3108038ade7fcb5327881c9feb03ecb0"},"breadcrumb":{"@id":"https:\/\/www.yukokominami.com\/?p=693#breadcrumb"},"inLanguage":"en-GB","potentialAction":[{"@type":"ReadAction","target":["https:\/\/www.yukokominami.com\/?p=693"]}]},{"@type":"BreadcrumbList","@id":"https:\/\/www.yukokominami.com\/?p=693#breadcrumb","itemListElement":[{"@type":"ListItem","position":1,"name":"Home","item":"https:\/\/www.yukokominami.com\/"},{"@type":"ListItem","position":2,"name":"ANTOLOGICAMENTE, in Festa dos Anos de Alvaro de Campos, 20th October 2024"}]},{"@type":"WebSite","@id":"https:\/\/www.yukokominami.com\/#website","url":"https:\/\/www.yukokominami.com\/","name":"Yuko Kominami","description":"choreographer\/dancer","potentialAction":[{"@type":"SearchAction","target":{"@type":"EntryPoint","urlTemplate":"https:\/\/www.yukokominami.com\/?s={search_term_string}"},"query-input":{"@type":"PropertyValueSpecification","valueRequired":true,"valueName":"search_term_string"}}],"inLanguage":"en-GB"},{"@type":"Person","@id":"https:\/\/www.yukokominami.com\/#\/schema\/person\/3108038ade7fcb5327881c9feb03ecb0","name":"yukokominami","image":{"@type":"ImageObject","inLanguage":"en-GB","@id":"https:\/\/secure.gravatar.com\/avatar\/461a06bec869e8a1d7142d74b9d3165ce8a136f5b391c814fecb266f17803633?s=96&d=mm&r=g","url":"https:\/\/secure.gravatar.com\/avatar\/461a06bec869e8a1d7142d74b9d3165ce8a136f5b391c814fecb266f17803633?s=96&d=mm&r=g","contentUrl":"https:\/\/secure.gravatar.com\/avatar\/461a06bec869e8a1d7142d74b9d3165ce8a136f5b391c814fecb266f17803633?s=96&d=mm&r=g","caption":"yukokominami"},"url":"http:\/\/www.yukokominami.com\/?author=1"}]}},"_links":{"self":[{"href":"http:\/\/www.yukokominami.com\/index.php?rest_route=\/wp\/v2\/posts\/693","targetHints":{"allow":["GET"]}}],"collection":[{"href":"http:\/\/www.yukokominami.com\/index.php?rest_route=\/wp\/v2\/posts"}],"about":[{"href":"http:\/\/www.yukokominami.com\/index.php?rest_route=\/wp\/v2\/types\/post"}],"author":[{"embeddable":true,"href":"http:\/\/www.yukokominami.com\/index.php?rest_route=\/wp\/v2\/users\/1"}],"replies":[{"embeddable":true,"href":"http:\/\/www.yukokominami.com\/index.php?rest_route=%2Fwp%2Fv2%2Fcomments&post=693"}],"version-history":[{"count":1,"href":"http:\/\/www.yukokominami.com\/index.php?rest_route=\/wp\/v2\/posts\/693\/revisions"}],"predecessor-version":[{"id":694,"href":"http:\/\/www.yukokominami.com\/index.php?rest_route=\/wp\/v2\/posts\/693\/revisions\/694"}],"wp:attachment":[{"href":"http:\/\/www.yukokominami.com\/index.php?rest_route=%2Fwp%2Fv2%2Fmedia&parent=693"}],"wp:term":[{"taxonomy":"category","embeddable":true,"href":"http:\/\/www.yukokominami.com\/index.php?rest_route=%2Fwp%2Fv2%2Fcategories&post=693"},{"taxonomy":"post_tag","embeddable":true,"href":"http:\/\/www.yukokominami.com\/index.php?rest_route=%2Fwp%2Fv2%2Ftags&post=693"}],"curies":[{"name":"wp","href":"https:\/\/api.w.org\/{rel}","templated":true}]}}